{"id":3420,"date":"2026-01-05T13:05:45","date_gmt":"2026-01-05T16:05:45","guid":{"rendered":"https:\/\/associacaomedicacascavel.com\/?p=3420"},"modified":"2026-01-26T09:46:01","modified_gmt":"2026-01-26T12:46:01","slug":"janeiro-e-os-cuidados-essenciais-com-a-saude-fisica-e-mental","status":"publish","type":"post","link":"https:\/\/associacaomedicacascavel.com\/index.php\/2026\/01\/05\/janeiro-e-os-cuidados-essenciais-com-a-saude-fisica-e-mental\/","title":{"rendered":"Janeiro e os cuidados essenciais com a sa\u00fade f\u00edsica e mental"},"content":{"rendered":"<body>\n<figure class=\"wp-block-image size-large\"><img loading=\"lazy\" decoding=\"async\" width=\"1024\" height=\"1024\" src=\"https:\/\/associacaomedicacascavel.com\/wp-content\/uploads\/2026\/01\/AMC-1024x1024.jpg\" alt=\"\" class=\"wp-image-3421\" loading=\"lazy\" srcset=\"https:\/\/associacaomedicacascavel.com\/wp-content\/uploads\/2026\/01\/AMC-1024x1024.jpg 1024w, https:\/\/associacaomedicacascavel.com\/wp-content\/uploads\/2026\/01\/AMC-300x300.jpg 300w, https:\/\/associacaomedicacascavel.com\/wp-content\/uploads\/2026\/01\/AMC-150x150.jpg 150w, https:\/\/associacaomedicacascavel.com\/wp-content\/uploads\/2026\/01\/AMC-768x768.jpg 768w, https:\/\/associacaomedicacascavel.com\/wp-content\/uploads\/2026\/01\/AMC.jpg 1080w\" sizes=\"auto, (max-width: 1024px) 100vw, 1024px\" \/><\/figure>\n\n\n\n<p>O in\u00edcio do ano \u00e9 tradicionalmente um per\u00edodo de reflex\u00f5es, recome\u00e7os e novos prop\u00f3sitos. No campo da sa\u00fade, janeiro tamb\u00e9m assume um papel fundamental ao trazer duas importantes campanhas de conscientiza\u00e7\u00e3o: o Janeiro Roxo, voltado \u00e0 preven\u00e7\u00e3o e ao enfrentamento da hansen\u00edase, e o Janeiro Branco, que convida a sociedade a olhar com mais aten\u00e7\u00e3o para a sa\u00fade mental. Ambas refor\u00e7am a import\u00e2ncia do diagn\u00f3stico precoce, do acesso ao tratamento e do combate ao estigma que ainda envolve essas condi\u00e7\u00f5es.<\/p>\n\n\n\n<p>A hansen\u00edase \u00e9 uma doen\u00e7a conhecida h\u00e1 mais de quatro mil anos e, apesar dos avan\u00e7os da medicina, ainda representa um desafio significativo no Brasil. O pa\u00eds ocupa atualmente a segunda posi\u00e7\u00e3o mundial em n\u00famero de novos casos, o que mant\u00e9m a doen\u00e7a como um relevante problema de sa\u00fade p\u00fablica. Ela acomete pessoas de todas as idades e sexos e sua transmiss\u00e3o ocorre por meio do contato pr\u00f3ximo e prolongado com pessoas n\u00e3o tratadas, pelas vias a\u00e9reas superiores.<\/p>\n\n\n\n<p>Entre os principais sinais e sintomas est\u00e3o manchas na pele com perda ou altera\u00e7\u00e3o da sensibilidade, formigamentos, diminui\u00e7\u00e3o da for\u00e7a muscular e espessamento de nervos perif\u00e9ricos. O diagn\u00f3stico \u00e9 essencialmente cl\u00ednico, feito por meio de exame dermatol\u00f3gico e neurol\u00f3gico, e deve ser realizado o mais precocemente poss\u00edvel. Quando n\u00e3o identificada a tempo, a hansen\u00edase pode causar les\u00f5es neurais que levam a defici\u00eancias f\u00edsicas e limita\u00e7\u00f5es funcionais, respons\u00e1veis, ao longo da hist\u00f3ria, pelo forte estigma associado \u00e0 doen\u00e7a.<\/p>\n\n\n\n<p>\u00c9 fundamental destacar que a hansen\u00edase tem cura e que o tratamento \u00e9 gratuito e oferecido pelo Sistema \u00danico de Sa\u00fade (SUS). A terapia medicamentosa, conhecida como Poliquimioterapia \u00danica (PQT-U), \u00e9 segura, eficaz e, logo no in\u00edcio do tratamento, a pessoa deixa de transmitir a doen\u00e7a. A avalia\u00e7\u00e3o de contatos pr\u00f3ximos e o acompanhamento cont\u00ednuo fazem parte da estrat\u00e9gia de preven\u00e7\u00e3o e controle.<\/p>\n\n\n\n<p>Paralelamente, o Janeiro Branco amplia o debate sobre a sa\u00fade mental, refor\u00e7ando que ela n\u00e3o se limita ao aspecto emocional. Segundo a Organiza\u00e7\u00e3o Mundial da Sa\u00fade, sa\u00fade mental \u00e9 um estado de bem-estar que permite ao indiv\u00edduo lidar com os desafios da vida, desenvolver suas habilidades e contribuir com a comunidade. Esse equil\u00edbrio depende de fatores biol\u00f3gicos, psicol\u00f3gicos e sociais, al\u00e9m das condi\u00e7\u00f5es de vida, trabalho, rela\u00e7\u00f5es sociais e acesso a pol\u00edticas p\u00fablicas.<\/p>\n\n\n\n<p>No Brasil, o cuidado em sa\u00fade mental \u00e9 garantido por meio da Rede de Aten\u00e7\u00e3o Psicossocial (RAPS), que integra unidades b\u00e1sicas de sa\u00fade, Centros de Aten\u00e7\u00e3o Psicossocial (CAPS), hospitais gerais e outros servi\u00e7os, oferecendo desde a\u00e7\u00f5es de promo\u00e7\u00e3o e preven\u00e7\u00e3o at\u00e9 o atendimento de situa\u00e7\u00f5es de crise. O acesso a esses servi\u00e7os \u00e9 um direito e deve ocorrer de forma humanizada, em liberdade e com respeito aos direitos humanos.<\/p>\n\n\n\n<p>Janeiro, portanto, vai al\u00e9m da simbologia de um novo come\u00e7o. \u00c9 um convite \u00e0 reflex\u00e3o sobre o cuidado integral com a sa\u00fade, que envolve corpo e mente, ci\u00eancia e acolhimento. Falar sobre hansen\u00edase e sa\u00fade mental \u00e9 falar de preven\u00e7\u00e3o, dignidade e acesso ao cuidado. A informa\u00e7\u00e3o, quando compartilhada de forma respons\u00e1vel, continua sendo uma das ferramentas mais poderosas para promover sa\u00fade e qualidade de vida.<\/p>\n\n\n\n<p>Associa\u00e7\u00e3o M\u00e9dica de Cascavel<\/p>\n\n\n\n<p><em>Fonte: Minist\u00e9rio da Sa\u00fade<\/em><\/p>\n<\/body>","protected":false},"excerpt":{"rendered":"<p>O in\u00edcio do ano \u00e9 tradicionalmente um per\u00edodo de reflex\u00f5es, recome\u00e7os e novos prop\u00f3sitos. No campo da sa\u00fade, janeiro tamb\u00e9m assume um papel fundamental ao trazer duas importantes campanhas de conscientiza\u00e7\u00e3o: o Janeiro Roxo, voltado \u00e0 preven\u00e7\u00e3o e ao enfrentamento da hansen\u00edase, e o Janeiro Branco, que convida a sociedade a olhar com mais aten\u00e7\u00e3o [&hellip;]<\/p>\n","protected":false},"author":4,"featured_media":3421,"comment_status":"open","ping_status":"open","sticky":false,"template":"","format":"standard","meta":{"footnotes":""},"categories":[29,6],"tags":[],"class_list":["post-3420","post","type-post","status-publish","format-standard","has-post-thumbnail","hentry","category-coluna","category-saude"],"_links":{"self":[{"href":"https:\/\/associacaomedicacascavel.com\/index.php\/wp-json\/wp\/v2\/posts\/3420","targetHints":{"allow":["GET"]}}],"collection":[{"href":"https:\/\/associacaomedicacascavel.com\/index.php\/wp-json\/wp\/v2\/posts"}],"about":[{"href":"https:\/\/associacaomedicacascavel.com\/index.php\/wp-json\/wp\/v2\/types\/post"}],"author":[{"embeddable":true,"href":"https:\/\/associacaomedicacascavel.com\/index.php\/wp-json\/wp\/v2\/users\/4"}],"replies":[{"embeddable":true,"href":"https:\/\/associacaomedicacascavel.com\/index.php\/wp-json\/wp\/v2\/comments?post=3420"}],"version-history":[{"count":1,"href":"https:\/\/associacaomedicacascavel.com\/index.php\/wp-json\/wp\/v2\/posts\/3420\/revisions"}],"predecessor-version":[{"id":3422,"href":"https:\/\/associacaomedicacascavel.com\/index.php\/wp-json\/wp\/v2\/posts\/3420\/revisions\/3422"}],"wp:featuredmedia":[{"embeddable":true,"href":"https:\/\/associacaomedicacascavel.com\/index.php\/wp-json\/wp\/v2\/media\/3421"}],"wp:attachment":[{"href":"https:\/\/associacaomedicacascavel.com\/index.php\/wp-json\/wp\/v2\/media?parent=3420"}],"wp:term":[{"taxonomy":"category","embeddable":true,"href":"https:\/\/associacaomedicacascavel.com\/index.php\/wp-json\/wp\/v2\/categories?post=3420"},{"taxonomy":"post_tag","embeddable":true,"href":"https:\/\/associacaomedicacascavel.com\/index.php\/wp-json\/wp\/v2\/tags?post=3420"}],"curies":[{"name":"wp","href":"https:\/\/api.w.org\/{rel}","templated":true}]}}