{"id":3429,"date":"2026-01-26T09:42:19","date_gmt":"2026-01-26T12:42:19","guid":{"rendered":"https:\/\/associacaomedicacascavel.com\/?p=3429"},"modified":"2026-01-26T09:45:40","modified_gmt":"2026-01-26T12:45:40","slug":"atencao-primaria-a-saude-a-base-que-sustenta-sistemas-mais-justos-e-eficazes","status":"publish","type":"post","link":"https:\/\/associacaomedicacascavel.com\/index.php\/2026\/01\/26\/atencao-primaria-a-saude-a-base-que-sustenta-sistemas-mais-justos-e-eficazes\/","title":{"rendered":"Aten\u00e7\u00e3o Prim\u00e1ria \u00e0 Sa\u00fade: a base que sustenta sistemas mais justos e eficazes"},"content":{"rendered":"<body>\n<p>Em um cen\u00e1rio global marcado pelo envelhecimento da popula\u00e7\u00e3o, pelo aumento das doen\u00e7as cr\u00f4nicas e por desigualdades persistentes no acesso aos servi\u00e7os de sa\u00fade, a Aten\u00e7\u00e3o Prim\u00e1ria \u00e0 Sa\u00fade (APS) segue ocupando um papel central nas agendas internacionais. Em 2026, a Organiza\u00e7\u00e3o Mundial da Sa\u00fade (OMS) reafirma a APS como a estrat\u00e9gia mais eficiente para alcan\u00e7ar a Cobertura Universal de Sa\u00fade.<\/p>\n\n\n\n<p>A relev\u00e2ncia desse modelo se reflete em dados expressivos. A amplia\u00e7\u00e3o das interven\u00e7\u00f5es de aten\u00e7\u00e3o prim\u00e1ria em pa\u00edses de baixa e m\u00e9dia renda poderia salvar at\u00e9 60 milh\u00f5es de vidas e elevar a expectativa de vida m\u00e9dia em cerca de 3,7 anos at\u00e9 2030. Al\u00e9m disso, aproximadamente 75% dos avan\u00e7os em sa\u00fade previstos nos Objetivos de Desenvolvimento Sustent\u00e1vel podem ser alcan\u00e7ados por meio da APS.<\/p>\n\n\n\n<p>Ao longo das \u00faltimas d\u00e9cadas, o conceito de Aten\u00e7\u00e3o Prim\u00e1ria \u00e0 Sa\u00fade passou por diferentes interpreta\u00e7\u00f5es, o que gerou certa confus\u00e3o sobre seu significado pr\u00e1tico. Atualmente, a defini\u00e7\u00e3o adotada pela OMS busca ser clara e funcional: a APS \u00e9 uma abordagem que envolve toda a sociedade, orientada a promover o mais alto n\u00edvel poss\u00edvel de sa\u00fade e bem-estar, distribu\u00eddo de forma justa, com foco nas necessidades das pessoas ao longo de toda a vida. Isso inclui desde a\u00e7\u00f5es de promo\u00e7\u00e3o da sa\u00fade e preven\u00e7\u00e3o de doen\u00e7as at\u00e9 tratamento, reabilita\u00e7\u00e3o e cuidados paliativos, sempre o mais pr\u00f3ximo poss\u00edvel do cotidiano da popula\u00e7\u00e3o.<\/p>\n\n\n\n<p>Esse modelo se apoia em tr\u00eas pilares indissoci\u00e1veis: servi\u00e7os de sa\u00fade integrados e resolutivos, pol\u00edticas e a\u00e7\u00f5es intersetoriais voltadas aos determinantes sociais da sa\u00fade e o engajamento ativo de indiv\u00edduos, fam\u00edlias e comunidades. A proposta \u00e9 fortalecer a participa\u00e7\u00e3o social, o autocuidado e a autonomia, reconhecendo que fatores como educa\u00e7\u00e3o, alimenta\u00e7\u00e3o, condi\u00e7\u00f5es de trabalho e ambiente influenciam diretamente os n\u00edveis de sa\u00fade e bem-estar.<\/p>\n\n\n\n<p>A APS tamb\u00e9m carrega um compromisso \u00e9tico fundamental. Est\u00e1 ancorada nos princ\u00edpios da justi\u00e7a social, da equidade e da solidariedade, partindo do reconhecimento de que a sa\u00fade \u00e9 um direito humano essencial. Para que a cobertura universal seja efetivamente alcan\u00e7ada, \u00e9 necess\u00e1rio superar modelos centrados apenas em doen\u00e7as ou institui\u00e7\u00f5es e avan\u00e7ar para sistemas desenhados com e para as pessoas, considerando suas realidades e necessidades ao longo de todo o ciclo de vida.<\/p>\n\n\n\n<p>Os benef\u00edcios dessa abordagem tornam-se ainda mais evidentes em contextos de crise. A experi\u00eancia recente da pandemia de COVID-19 refor\u00e7ou o papel da aten\u00e7\u00e3o prim\u00e1ria como porta de entrada do sistema de sa\u00fade, essencial para a vigil\u00e2ncia, a resposta r\u00e1pida a emerg\u00eancias e a continuidade do cuidado. Sistemas organizados a partir da APS tendem a ser mais resilientes, eficientes e preparados para enfrentar tanto desafios sanit\u00e1rios quanto sociais.<\/p>\n\n\n\n<p>Diante desse cen\u00e1rio, a atua\u00e7\u00e3o da OMS tem se concentrado em apoiar os pa\u00edses na reorienta\u00e7\u00e3o de seus sistemas de sa\u00fade, produzindo evid\u00eancias, estimulando inova\u00e7\u00f5es e fortalecendo parcerias estrat\u00e9gicas. Mais do que uma diretriz internacional, a Aten\u00e7\u00e3o Prim\u00e1ria \u00e0 Sa\u00fade se apresenta como um compromisso coletivo: investir na base \u00e9 investir em sa\u00fade, equidade e sustentabilidade para toda a sociedade.<\/p>\n\n\n\n<p>Associa\u00e7\u00e3o M\u00e9dica de Cascavel<\/p>\n\n\n\n<p><em>Fonte: Organiza\u00e7\u00e3o Mundial da Sa\u00fade<\/em><\/p>\n\n\n\n<p><\/p>\n<\/body>","protected":false},"excerpt":{"rendered":"<p>Em um cen\u00e1rio global marcado pelo envelhecimento da popula\u00e7\u00e3o, pelo aumento das doen\u00e7as cr\u00f4nicas e por desigualdades persistentes no acesso aos servi\u00e7os de sa\u00fade, a Aten\u00e7\u00e3o Prim\u00e1ria \u00e0 Sa\u00fade (APS) segue ocupando um papel central nas agendas internacionais. Em 2026, a Organiza\u00e7\u00e3o Mundial da Sa\u00fade (OMS) reafirma a APS como a estrat\u00e9gia mais eficiente para [&hellip;]<\/p>\n","protected":false},"author":4,"featured_media":3430,"comment_status":"open","ping_status":"open","sticky":false,"template":"","format":"standard","meta":{"footnotes":""},"categories":[29,6],"tags":[],"class_list":["post-3429","post","type-post","status-publish","format-standard","has-post-thumbnail","hentry","category-coluna","category-saude"],"_links":{"self":[{"href":"https:\/\/associacaomedicacascavel.com\/index.php\/wp-json\/wp\/v2\/posts\/3429","targetHints":{"allow":["GET"]}}],"collection":[{"href":"https:\/\/associacaomedicacascavel.com\/index.php\/wp-json\/wp\/v2\/posts"}],"about":[{"href":"https:\/\/associacaomedicacascavel.com\/index.php\/wp-json\/wp\/v2\/types\/post"}],"author":[{"embeddable":true,"href":"https:\/\/associacaomedicacascavel.com\/index.php\/wp-json\/wp\/v2\/users\/4"}],"replies":[{"embeddable":true,"href":"https:\/\/associacaomedicacascavel.com\/index.php\/wp-json\/wp\/v2\/comments?post=3429"}],"version-history":[{"count":1,"href":"https:\/\/associacaomedicacascavel.com\/index.php\/wp-json\/wp\/v2\/posts\/3429\/revisions"}],"predecessor-version":[{"id":3431,"href":"https:\/\/associacaomedicacascavel.com\/index.php\/wp-json\/wp\/v2\/posts\/3429\/revisions\/3431"}],"wp:featuredmedia":[{"embeddable":true,"href":"https:\/\/associacaomedicacascavel.com\/index.php\/wp-json\/wp\/v2\/media\/3430"}],"wp:attachment":[{"href":"https:\/\/associacaomedicacascavel.com\/index.php\/wp-json\/wp\/v2\/media?parent=3429"}],"wp:term":[{"taxonomy":"category","embeddable":true,"href":"https:\/\/associacaomedicacascavel.com\/index.php\/wp-json\/wp\/v2\/categories?post=3429"},{"taxonomy":"post_tag","embeddable":true,"href":"https:\/\/associacaomedicacascavel.com\/index.php\/wp-json\/wp\/v2\/tags?post=3429"}],"curies":[{"name":"wp","href":"https:\/\/api.w.org\/{rel}","templated":true}]}}