{"id":3453,"date":"2026-02-08T08:59:13","date_gmt":"2026-02-08T11:59:13","guid":{"rendered":"https:\/\/associacaomedicacascavel.com\/?p=3453"},"modified":"2026-02-08T09:00:27","modified_gmt":"2026-02-08T12:00:27","slug":"tenis-em-destaque-competicao-movimenta-a-associacao-medica-de-cascavel","status":"publish","type":"post","link":"https:\/\/associacaomedicacascavel.com\/index.php\/2026\/02\/08\/tenis-em-destaque-competicao-movimenta-a-associacao-medica-de-cascavel\/","title":{"rendered":"T\u00eanis em destaque: competi\u00e7\u00e3o movimenta a Associa\u00e7\u00e3o M\u00e9dica de Cascavel"},"content":{"rendered":"<body>\n<p>Entre os dias 29 de janeiro e 1\u00ba de fevereiro, as quadras da Associa\u00e7\u00e3o M\u00e9dica de Cascavel (AMC) foram palco de mais uma iniciativa que refor\u00e7a o esporte como ferramenta de integra\u00e7\u00e3o, sa\u00fade e conviv\u00eancia social. O Torneio FD Empreendimentos de T\u00eanis \u2013 Duplas Mistas, organizado pela Escola T\u00eanis Mania, reuniu atletas, familiares e associados em uma programa\u00e7\u00e3o marcada por competitividade saud\u00e1vel e momentos de lazer.<\/p>\n\n\n\n<p>O campeonato contou com a participa\u00e7\u00e3o de 50 duplas, totalizando 100 inscritos, respeitando o formato de duplas mistas, com a obrigatoriedade de um jogador e uma jogadora em cada equipe. A proposta vai al\u00e9m da disputa esportiva: valoriza a inclus\u00e3o, o trabalho em equipe e o equil\u00edbrio entre homens e mulheres dentro das quadras, refletindo princ\u00edpios cada vez mais presentes no esporte contempor\u00e2neo.<\/p>\n\n\n\n<p>Na categoria Mista A, os finalistas foram Ana Carpenedo e Cau\u00e3 Dias Moreira, e os campe\u00f5es Taina Moreira e Oberdan Santos. Na categoria Mista B, os finalistas foram Jo\u00e3o Becker e Maria Kist, e os campe\u00f5es Enzo Turoni e Helo\u00edsa Longo. Pela categoria Mista C, os finalistas foram Ediane Fugivara e Daniel Fugivara, e os campe\u00f5es Gustavo Reis Mesquita e Isadora Royer. J\u00e1 na categoria Mista D, os finalistas foram Jorge Boas e V\u00e2nia Drun, e os campe\u00f5es Samuel Silva e Isabelli Drun.<\/p>\n\n\n\n<p>Ao longo dos dias de competi\u00e7\u00e3o, o torneio promoveu partidas disputadas, mas tamb\u00e9m um ambiente acolhedor, que incentivou a presen\u00e7a das fam\u00edlias e a intera\u00e7\u00e3o entre os participantes. A movimenta\u00e7\u00e3o nas depend\u00eancias da entidade evidenciou o papel do esporte como um importante aliado na promo\u00e7\u00e3o da qualidade de vida, do bem-estar f\u00edsico e mental e do fortalecimento dos la\u00e7os comunit\u00e1rios.<\/p>\n\n\n\n<p>E a agenda esportiva da AMC segue ativa. No pr\u00f3ximo dia 7 de fevereiro, a entidade recebe mais uma competi\u00e7\u00e3o no formato de duplas mistas, desta vez na modalidade Beach Tennis, ampliando as op\u00e7\u00f5es de esporte e lazer para associados e comunidade.<\/p>\n\n\n\n<p>A continuidade dessas a\u00e7\u00f5es refor\u00e7a a import\u00e2ncia de investir em atividades que unem esporte, sa\u00fade e integra\u00e7\u00e3o social, beneficiando n\u00e3o apenas os atletas, mas todos que participam e acompanham esses momentos.<\/p>\n\n\n\n<figure class=\"wp-block-image size-full is-resized\"><img loading=\"lazy\" decoding=\"async\" width=\"1024\" height=\"1024\" src=\"https:\/\/associacaomedicacascavel.com\/wp-content\/uploads\/2026\/02\/Foto-Coluna-AMC-02.02.2026.jpg\" alt=\"\" class=\"wp-image-3454\" style=\"width:484px;height:auto\" loading=\"lazy\" srcset=\"https:\/\/associacaomedicacascavel.com\/wp-content\/uploads\/2026\/02\/Foto-Coluna-AMC-02.02.2026.jpg 1024w, https:\/\/associacaomedicacascavel.com\/wp-content\/uploads\/2026\/02\/Foto-Coluna-AMC-02.02.2026-300x300.jpg 300w, https:\/\/associacaomedicacascavel.com\/wp-content\/uploads\/2026\/02\/Foto-Coluna-AMC-02.02.2026-150x150.jpg 150w, https:\/\/associacaomedicacascavel.com\/wp-content\/uploads\/2026\/02\/Foto-Coluna-AMC-02.02.2026-768x768.jpg 768w\" sizes=\"auto, (max-width: 1024px) 100vw, 1024px\" \/><\/figure>\n\n\n\n<p><em>Foto superior: Professor Rodrigo com os campe\u00f5es da categoria Mista C, Gustavo Reis Mesquita e Isadora Royer, e os finalistas, Ediane Fugivara e Daniel Fugivara, acompanhados pelo professor Michel.<br>Foto inferior: Professor Rodrigo com os finalistas da categoria Mista A, Ana Carpenedo e Cau\u00e3 Dias Moreira, e os campe\u00f5es, Taina Moreira e Oberdan Santos, acompanhados pelo professor Michel.<\/em><\/p>\n\n\n\n<p><\/p>\n<\/body>","protected":false},"excerpt":{"rendered":"<p>Entre os dias 29 de janeiro e 1\u00ba de fevereiro, as quadras da Associa\u00e7\u00e3o M\u00e9dica de Cascavel (AMC) foram palco de mais uma iniciativa que refor\u00e7a o esporte como ferramenta de integra\u00e7\u00e3o, sa\u00fade e conviv\u00eancia social. O Torneio FD Empreendimentos de T\u00eanis \u2013 Duplas Mistas, organizado pela Escola T\u00eanis Mania, reuniu atletas, familiares e associados [&hellip;]<\/p>\n","protected":false},"author":4,"featured_media":3454,"comment_status":"open","ping_status":"open","sticky":false,"template":"","format":"standard","meta":{"footnotes":""},"categories":[29],"tags":[],"class_list":["post-3453","post","type-post","status-publish","format-standard","has-post-thumbnail","hentry","category-coluna"],"_links":{"self":[{"href":"https:\/\/associacaomedicacascavel.com\/index.php\/wp-json\/wp\/v2\/posts\/3453","targetHints":{"allow":["GET"]}}],"collection":[{"href":"https:\/\/associacaomedicacascavel.com\/index.php\/wp-json\/wp\/v2\/posts"}],"about":[{"href":"https:\/\/associacaomedicacascavel.com\/index.php\/wp-json\/wp\/v2\/types\/post"}],"author":[{"embeddable":true,"href":"https:\/\/associacaomedicacascavel.com\/index.php\/wp-json\/wp\/v2\/users\/4"}],"replies":[{"embeddable":true,"href":"https:\/\/associacaomedicacascavel.com\/index.php\/wp-json\/wp\/v2\/comments?post=3453"}],"version-history":[{"count":1,"href":"https:\/\/associacaomedicacascavel.com\/index.php\/wp-json\/wp\/v2\/posts\/3453\/revisions"}],"predecessor-version":[{"id":3455,"href":"https:\/\/associacaomedicacascavel.com\/index.php\/wp-json\/wp\/v2\/posts\/3453\/revisions\/3455"}],"wp:featuredmedia":[{"embeddable":true,"href":"https:\/\/associacaomedicacascavel.com\/index.php\/wp-json\/wp\/v2\/media\/3454"}],"wp:attachment":[{"href":"https:\/\/associacaomedicacascavel.com\/index.php\/wp-json\/wp\/v2\/media?parent=3453"}],"wp:term":[{"taxonomy":"category","embeddable":true,"href":"https:\/\/associacaomedicacascavel.com\/index.php\/wp-json\/wp\/v2\/categories?post=3453"},{"taxonomy":"post_tag","embeddable":true,"href":"https:\/\/associacaomedicacascavel.com\/index.php\/wp-json\/wp\/v2\/tags?post=3453"}],"curies":[{"name":"wp","href":"https:\/\/api.w.org\/{rel}","templated":true}]}}