{"id":3460,"date":"2026-02-23T08:04:02","date_gmt":"2026-02-23T11:04:02","guid":{"rendered":"https:\/\/associacaomedicacascavel.com\/?p=3460"},"modified":"2026-02-23T08:04:02","modified_gmt":"2026-02-23T11:04:02","slug":"fevereiro-laranja-informacao-e-solidariedade-contra-a-leucemia","status":"publish","type":"post","link":"https:\/\/associacaomedicacascavel.com\/index.php\/2026\/02\/23\/fevereiro-laranja-informacao-e-solidariedade-contra-a-leucemia\/","title":{"rendered":"Fevereiro Laranja: informa\u00e7\u00e3o e solidariedade contra a leucemia"},"content":{"rendered":"<body>\n<p>O m\u00eas de fevereiro \u00e9 marcado pela campanha Fevereiro Laranja, iniciativa dedicada a ampliar o conhecimento da popula\u00e7\u00e3o sobre a leucemia e a refor\u00e7ar a import\u00e2ncia da doa\u00e7\u00e3o de medula \u00f3ssea. A mobiliza\u00e7\u00e3o chama aten\u00e7\u00e3o para preven\u00e7\u00e3o, diagn\u00f3stico precoce e tratamento adequado de um tipo de c\u00e2ncer que atinge o sangue e afeta milhares de brasileiros todos os anos.<\/p>\n\n\n\n<p>De acordo com estimativas do Instituto Nacional de C\u00e2ncer (Inca), s\u00e3o previstos 11.540 novos casos de leucemia por ano no Brasil no tri\u00eanio de 2023 a 2025, sendo 6.250 entre homens e 5.290 entre mulheres. Os n\u00fameros evidenciam a relev\u00e2ncia do tema e a necessidade de informa\u00e7\u00e3o acess\u00edvel para a popula\u00e7\u00e3o.<\/p>\n\n\n\n<p>A leucemia compromete os gl\u00f3bulos brancos, tamb\u00e9m chamados de leuc\u00f3citos, respons\u00e1veis pela defesa do organismo. Quando adoecidas, essas c\u00e9lulas passam a se multiplicar de forma desordenada na medula \u00f3ssea e deixam de cumprir adequadamente sua fun\u00e7\u00e3o de prote\u00e7\u00e3o contra infec\u00e7\u00f5es. Como consequ\u00eancia, o paciente pode apresentar queda da imunidade e maior vulnerabilidade a doen\u00e7as.<\/p>\n\n\n\n<p>Entre os sinais de alerta est\u00e3o cansa\u00e7o excessivo, anemia, febre persistente, infec\u00e7\u00f5es frequentes, manchas roxas pelo corpo, sangramentos espont\u00e2neos, dor nos ossos e nas articula\u00e7\u00f5es, al\u00e9m da diminui\u00e7\u00e3o de c\u00e9lulas sangu\u00edneas. Diante desses sintomas, a avalia\u00e7\u00e3o m\u00e9dica \u00e9 indispens\u00e1vel.<\/p>\n\n\n\n<p>O diagn\u00f3stico come\u00e7a com consulta cl\u00ednica detalhada, geralmente conduzida por hematologista, que investiga hist\u00f3rico de sa\u00fade, sintomas e poss\u00edveis fatores de risco. O hemograma \u00e9 um dos primeiros exames solicitados para identificar altera\u00e7\u00f5es nas c\u00e9lulas do sangue. No entanto, a confirma\u00e7\u00e3o exige exames espec\u00edficos da medula \u00f3ssea, como o mielograma, al\u00e9m de testes complementares, como imunofenotipagem e cari\u00f3tipo.<\/p>\n\n\n\n<p>Especialistas refor\u00e7am que a detec\u00e7\u00e3o precoce faz diferen\u00e7a decisiva. Quanto antes a doen\u00e7a \u00e9 identificada e o tratamento iniciado, maiores s\u00e3o as chances de remiss\u00e3o \u2014 fase em que n\u00e3o h\u00e1 mais sinais detect\u00e1veis de c\u00e9lulas doentes \u2014 e at\u00e9 de cura, dependendo do tipo de leucemia.<\/p>\n\n\n\n<p>Existem diferentes classifica\u00e7\u00f5es da doen\u00e7a, que podem variar conforme o tipo de c\u00e9lula afetada (mieloide ou linfoide) e a evolu\u00e7\u00e3o cl\u00ednica (aguda ou cr\u00f4nica). Apesar de ser o c\u00e2ncer mais comum na inf\u00e2ncia, a leucemia pode surgir em qualquer faixa et\u00e1ria. Tamb\u00e9m \u00e9 importante esclarecer que a anemia n\u00e3o se transforma em leucemia, embora muitos pacientes apresentem anemia como consequ\u00eancia da medula comprometida.<\/p>\n\n\n\n<p>Em situa\u00e7\u00f5es de maior risco, o transplante de medula \u00f3ssea pode ser indicado. H\u00e1 duas modalidades principais: o aut\u00f3logo, quando o pr\u00f3prio paciente doa suas c\u00e9lulas-tronco antes de se submeter \u00e0 quimioterapia, e o alog\u00eanico, quando as c\u00e9lulas v\u00eam de um doador compat\u00edvel. Inicialmente, busca-se compatibilidade entre familiares de primeiro grau. Se n\u00e3o houver correspond\u00eancia, recorre-se aos bancos de doadores volunt\u00e1rios.<\/p>\n\n\n\n<p>A chance de encontrar um doador compat\u00edvel \u00e9 relativamente baixa, o que torna a doa\u00e7\u00e3o um gesto de extrema solidariedade. Para se cadastrar, \u00e9 preciso ter entre 18 e 55 anos, estar em boas condi\u00e7\u00f5es de sa\u00fade e procurar um hemocentro. No momento do cadastro, \u00e9 coletada uma pequena amostra de sangue para testes de compatibilidade. Se houver combina\u00e7\u00e3o com algum paciente, o volunt\u00e1rio \u00e9 convocado.<\/p>\n\n\n\n<p>Fevereiro Laranja, portanto, vai al\u00e9m da conscientiza\u00e7\u00e3o: \u00e9 um convite \u00e0 informa\u00e7\u00e3o, ao diagn\u00f3stico precoce e, principalmente, \u00e0 solidariedade que pode salvar vidas.<\/p>\n\n\n\n<p>Associa\u00e7\u00e3o M\u00e9dica de Cascavel<\/p>\n\n\n\n<p><em>Fonte: Minist\u00e9rio da Sa\u00fade<\/em><\/p>\n<\/body>","protected":false},"excerpt":{"rendered":"<p>O m\u00eas de fevereiro \u00e9 marcado pela campanha Fevereiro Laranja, iniciativa dedicada a ampliar o conhecimento da popula\u00e7\u00e3o sobre a leucemia e a refor\u00e7ar a import\u00e2ncia da doa\u00e7\u00e3o de medula \u00f3ssea. A mobiliza\u00e7\u00e3o chama aten\u00e7\u00e3o para preven\u00e7\u00e3o, diagn\u00f3stico precoce e tratamento adequado de um tipo de c\u00e2ncer que atinge o sangue e afeta milhares de [&hellip;]<\/p>\n","protected":false},"author":4,"featured_media":3461,"comment_status":"open","ping_status":"open","sticky":false,"template":"","format":"standard","meta":{"footnotes":""},"categories":[29],"tags":[],"class_list":["post-3460","post","type-post","status-publish","format-standard","has-post-thumbnail","hentry","category-coluna"],"_links":{"self":[{"href":"https:\/\/associacaomedicacascavel.com\/index.php\/wp-json\/wp\/v2\/posts\/3460","targetHints":{"allow":["GET"]}}],"collection":[{"href":"https:\/\/associacaomedicacascavel.com\/index.php\/wp-json\/wp\/v2\/posts"}],"about":[{"href":"https:\/\/associacaomedicacascavel.com\/index.php\/wp-json\/wp\/v2\/types\/post"}],"author":[{"embeddable":true,"href":"https:\/\/associacaomedicacascavel.com\/index.php\/wp-json\/wp\/v2\/users\/4"}],"replies":[{"embeddable":true,"href":"https:\/\/associacaomedicacascavel.com\/index.php\/wp-json\/wp\/v2\/comments?post=3460"}],"version-history":[{"count":1,"href":"https:\/\/associacaomedicacascavel.com\/index.php\/wp-json\/wp\/v2\/posts\/3460\/revisions"}],"predecessor-version":[{"id":3462,"href":"https:\/\/associacaomedicacascavel.com\/index.php\/wp-json\/wp\/v2\/posts\/3460\/revisions\/3462"}],"wp:featuredmedia":[{"embeddable":true,"href":"https:\/\/associacaomedicacascavel.com\/index.php\/wp-json\/wp\/v2\/media\/3461"}],"wp:attachment":[{"href":"https:\/\/associacaomedicacascavel.com\/index.php\/wp-json\/wp\/v2\/media?parent=3460"}],"wp:term":[{"taxonomy":"category","embeddable":true,"href":"https:\/\/associacaomedicacascavel.com\/index.php\/wp-json\/wp\/v2\/categories?post=3460"},{"taxonomy":"post_tag","embeddable":true,"href":"https:\/\/associacaomedicacascavel.com\/index.php\/wp-json\/wp\/v2\/tags?post=3460"}],"curies":[{"name":"wp","href":"https:\/\/api.w.org\/{rel}","templated":true}]}}