{"id":3485,"date":"2026-04-07T20:36:28","date_gmt":"2026-04-07T23:36:28","guid":{"rendered":"https:\/\/associacaomedicacascavel.com\/?p=3485"},"modified":"2026-04-07T20:36:28","modified_gmt":"2026-04-07T23:36:28","slug":"amc-comemora-o-desmembramento-da-escrituracao-do-crm","status":"publish","type":"post","link":"https:\/\/associacaomedicacascavel.com\/index.php\/2026\/04\/07\/amc-comemora-o-desmembramento-da-escrituracao-do-crm\/","title":{"rendered":"AMC comemora o desmembramento da escritura\u00e7\u00e3o do CRM"},"content":{"rendered":"<body>\n<p>Na \u00faltima semana, a Associa\u00e7\u00e3o M\u00e9dica de Cascavel vivenciou um marco hist\u00f3rico em sua trajet\u00f3ria. Ap\u00f3s muitos anos de tratativas, foi concretizado o desmembramento da entidade do edif\u00edcio do CRM, que at\u00e9 ent\u00e3o permanecia anexo \u00e0 AMC.<\/p>\n\n\n\n<p>O diretor executivo e financeiro da entidade, Dr. Cesar Kawakami, comenta: \u201cEsse passo \u00e9 uma conquista e um m\u00e9rito de todo time da Associa\u00e7\u00e3o M\u00e9dica de Cascavel, todos os diretores, todas as parcerias que nos auxiliaram nessa batalha de quase vinte anos, para que esse dia chegasse. \u00c9 importante para n\u00f3s, enquanto Associa\u00e7\u00e3o, bem como, para toda nossa cidade de Cascavel\u201d.<\/p>\n\n\n\n<p>O presidente da entidade, Dr. Cristiano Mroginski, salienta: \u201c\u00c9 mais uma conquista para nossa entidade e continuamos nosso trabalho, sem medo dos desafios\u201d. Cristiano tamb\u00e9m comenta que, h\u00e1 tempos, dentro da diretoria da entidade, vinha acompanhando todo o trabalho para que esse momento se concretizasse, primeiro como vice-presidente e agora como presidente: \u201cessa regulariza\u00e7\u00e3o junto ao CRM \u00e9 muito importante, gra\u00e7as a Deus, hoje \u00e9 um momento hist\u00f3rico, esse desmembramento \u00e9 fruto conjunto do CRM \u2013 PR com seu presidente e diretores, bem como, dos nossos presidentes anteriores, lembrando mais recentemente todo o trabalho dos meus antecessores Dr. Jorge Santos e Dr. Jesus Viegas e \u00e9 claro, toda nossa equipe desta diretoria que n\u00e3o mediu esfor\u00e7os para que cheg\u00e1ssemos a esse momento\u201d. Finaliza o presidente da entidade.<\/p>\n\n\n\n<p>A AMC tamb\u00e9m ressalta a importante participa\u00e7\u00e3o de Fabiane Lauxem Podolak <em>(in memoriam)<\/em> no processo de desmembramento, especialmente no aux\u00edlio \u00e0 parte burocr\u00e1tica da documenta\u00e7\u00e3o.<\/p>\n\n\n\n<p>A assinatura do desmembramento contou com a presen\u00e7a do presidente da AMC, Dr. Cristiano Mroginski; do diretor administrativo e financeiro, Dr. Cesar Kawakami; de Ana Paula Zeni, do 1\u00ba Tabelionato de Notas; e do coordenador jur\u00eddico do CRM \u2013 PR, Martim Afonso Palma.<\/p>\n\n\n\n<p>Associa\u00e7\u00e3o M\u00e9dica de Cascavel<\/p>\n<\/body>","protected":false},"excerpt":{"rendered":"<p>Na \u00faltima semana, a Associa\u00e7\u00e3o M\u00e9dica de Cascavel vivenciou um marco hist\u00f3rico em sua trajet\u00f3ria. Ap\u00f3s muitos anos de tratativas, foi concretizado o desmembramento da entidade do edif\u00edcio do CRM, que at\u00e9 ent\u00e3o permanecia anexo \u00e0 AMC. O diretor executivo e financeiro da entidade, Dr. Cesar Kawakami, comenta: \u201cEsse passo \u00e9 uma conquista e um [&hellip;]<\/p>\n","protected":false},"author":4,"featured_media":3486,"comment_status":"open","ping_status":"open","sticky":false,"template":"","format":"standard","meta":{"footnotes":""},"categories":[4],"tags":[],"class_list":["post-3485","post","type-post","status-publish","format-standard","has-post-thumbnail","hentry","category-noticias"],"_links":{"self":[{"href":"https:\/\/associacaomedicacascavel.com\/index.php\/wp-json\/wp\/v2\/posts\/3485","targetHints":{"allow":["GET"]}}],"collection":[{"href":"https:\/\/associacaomedicacascavel.com\/index.php\/wp-json\/wp\/v2\/posts"}],"about":[{"href":"https:\/\/associacaomedicacascavel.com\/index.php\/wp-json\/wp\/v2\/types\/post"}],"author":[{"embeddable":true,"href":"https:\/\/associacaomedicacascavel.com\/index.php\/wp-json\/wp\/v2\/users\/4"}],"replies":[{"embeddable":true,"href":"https:\/\/associacaomedicacascavel.com\/index.php\/wp-json\/wp\/v2\/comments?post=3485"}],"version-history":[{"count":1,"href":"https:\/\/associacaomedicacascavel.com\/index.php\/wp-json\/wp\/v2\/posts\/3485\/revisions"}],"predecessor-version":[{"id":3487,"href":"https:\/\/associacaomedicacascavel.com\/index.php\/wp-json\/wp\/v2\/posts\/3485\/revisions\/3487"}],"wp:featuredmedia":[{"embeddable":true,"href":"https:\/\/associacaomedicacascavel.com\/index.php\/wp-json\/wp\/v2\/media\/3486"}],"wp:attachment":[{"href":"https:\/\/associacaomedicacascavel.com\/index.php\/wp-json\/wp\/v2\/media?parent=3485"}],"wp:term":[{"taxonomy":"category","embeddable":true,"href":"https:\/\/associacaomedicacascavel.com\/index.php\/wp-json\/wp\/v2\/categories?post=3485"},{"taxonomy":"post_tag","embeddable":true,"href":"https:\/\/associacaomedicacascavel.com\/index.php\/wp-json\/wp\/v2\/tags?post=3485"}],"curies":[{"name":"wp","href":"https:\/\/api.w.org\/{rel}","templated":true}]}}