{"id":3503,"date":"2026-04-27T00:52:38","date_gmt":"2026-04-27T03:52:38","guid":{"rendered":"https:\/\/associacaomedicacascavel.com\/?p=3503"},"modified":"2026-04-27T00:53:10","modified_gmt":"2026-04-27T03:53:10","slug":"semana-mundial-da-imunizacao-reforca-importancia-das-vacinas-para-a-saude-coletiva","status":"publish","type":"post","link":"https:\/\/associacaomedicacascavel.com\/index.php\/2026\/04\/27\/semana-mundial-da-imunizacao-reforca-importancia-das-vacinas-para-a-saude-coletiva\/","title":{"rendered":"Semana Mundial da Imuniza\u00e7\u00e3o refor\u00e7a import\u00e2ncia das vacinas para a sa\u00fade coletiva"},"content":{"rendered":"<body>\n<p>Entre os dias 24 e 30 de abril de 2026, a comunidade internacional volta sua aten\u00e7\u00e3o para a Semana Mundial da Imuniza\u00e7\u00e3o, uma mobiliza\u00e7\u00e3o global que destaca o papel essencial das vacinas na prote\u00e7\u00e3o da sa\u00fade p\u00fablica. A campanha tamb\u00e9m integra os esfor\u00e7os globais para eliminar doen\u00e7as transmiss\u00edveis at\u00e9 2030, refor\u00e7ando a necessidade de ampliar a cobertura vacinal e evitar retrocessos sanit\u00e1rios, como o ressurgimento de enfermidades j\u00e1 controladas.<\/p>\n\n\n\n<p>Consideradas um dos maiores avan\u00e7os da medicina, as vacinas s\u00e3o respons\u00e1veis por prevenir entre 3,5 milh\u00f5es e 5 milh\u00f5es de mortes por ano em todo o mundo. Al\u00e9m de evitar \u00f3bitos, contribuem para a redu\u00e7\u00e3o de sequelas graves e para o controle de doen\u00e7as infecciosas que, no passado, causaram epidemias de grande impacto. Exemplos hist\u00f3ricos incluem a erradica\u00e7\u00e3o da var\u00edola e a expressiva redu\u00e7\u00e3o de casos de poliomielite, sarampo, difteria e t\u00e9tano.<\/p>\n\n\n\n<p>O funcionamento das vacinas baseia-se na estimula\u00e7\u00e3o do sistema imunol\u00f3gico, permitindo que o organismo reconhe\u00e7a e combata agentes infecciosos de forma eficiente, sem que a pessoa precise desenvolver a doen\u00e7a. Esse mecanismo n\u00e3o apenas protege o indiv\u00edduo, mas tamb\u00e9m contribui para a chamada imunidade coletiva, reduzindo a circula\u00e7\u00e3o de v\u00edrus e bact\u00e9rias na popula\u00e7\u00e3o e protegendo grupos mais vulner\u00e1veis.<\/p>\n\n\n\n<p>No Brasil, o Programa Nacional de Imuniza\u00e7\u00f5es (PNI) oferece gratuitamente uma ampla gama de vacinas, fundamentais para a preven\u00e7\u00e3o de doen\u00e7as de relev\u00e2ncia em sa\u00fade p\u00fablica. No Paran\u00e1, s\u00e3o mais de 1.800 salas de vacina\u00e7\u00e3o dispon\u00edveis, facilitando o acesso da popula\u00e7\u00e3o aos imunizantes. Entre as vacinas ofertadas est\u00e3o a BCG, hepatite B, pentavalente, poliomielite, tr\u00edplice viral e febre amarela, entre outras.<\/p>\n\n\n\n<p>Apesar da disponibilidade e da efic\u00e1cia comprovada, ainda h\u00e1 desafios relacionados \u00e0 ades\u00e3o da popula\u00e7\u00e3o, o que pode comprometer o controle de doen\u00e7as j\u00e1 preven\u00edveis. Nesse contexto, a Semana Mundial da Imuniza\u00e7\u00e3o atua como um importante alerta para a atualiza\u00e7\u00e3o da caderneta vacinal e para o fortalecimento da confian\u00e7a nas vacinas.<\/p>\n\n\n\n<p>Outro aspecto relevante destacado pela campanha \u00e9 o papel da ci\u00eancia e da pesquisa cl\u00ednica no desenvolvimento dos imunizantes. Antes de serem disponibilizadas \u00e0 popula\u00e7\u00e3o, as vacinas passam por rigorosos estudos que avaliam sua seguran\u00e7a, efic\u00e1cia e qualidade. Avan\u00e7os tecnol\u00f3gicos recentes, como as vacinas de RNA mensageiro e outras plataformas inovadoras, t\u00eam ampliado a capacidade de resposta a novos desafios sanit\u00e1rios.<\/p>\n\n\n\n<p>A Associa\u00e7\u00e3o M\u00e9dica de Cascavel refor\u00e7a seu compromisso com a promo\u00e7\u00e3o da sa\u00fade e destaca a vacina\u00e7\u00e3o como uma das principais ferramentas de preven\u00e7\u00e3o de doen\u00e7as. A entidade orienta a popula\u00e7\u00e3o a manter a caderneta de vacina\u00e7\u00e3o atualizada e a buscar informa\u00e7\u00f5es seguras junto aos profissionais de sa\u00fade.<\/p>\n\n\n\n<p>Mais do que uma decis\u00e3o individual, vacinar-se \u00e9 um ato de responsabilidade coletiva. Ao ampliar a cobertura vacinal, a sociedade protege n\u00e3o apenas a si mesma, mas tamb\u00e9m as futuras gera\u00e7\u00f5es, contribuindo para um cen\u00e1rio de maior seguran\u00e7a sanit\u00e1ria e qualidade de vida.<\/p>\n\n\n\n<p>Associa\u00e7\u00e3o M\u00e9dica de Cascavel<br><em>Fonte: Organiza\u00e7\u00e3o Mundial da Sa\u00fade e Minist\u00e9rio da Sa\u00fade<\/em><\/p>\n<\/body>","protected":false},"excerpt":{"rendered":"<p>Entre os dias 24 e 30 de abril de 2026, a comunidade internacional volta sua aten\u00e7\u00e3o para a Semana Mundial da Imuniza\u00e7\u00e3o, uma mobiliza\u00e7\u00e3o global que destaca o papel essencial das vacinas na prote\u00e7\u00e3o da sa\u00fade p\u00fablica. A campanha tamb\u00e9m integra os esfor\u00e7os globais para eliminar doen\u00e7as transmiss\u00edveis at\u00e9 2030, refor\u00e7ando a necessidade de ampliar [&hellip;]<\/p>\n","protected":false},"author":4,"featured_media":3505,"comment_status":"open","ping_status":"open","sticky":false,"template":"","format":"standard","meta":{"footnotes":""},"categories":[6],"tags":[],"class_list":["post-3503","post","type-post","status-publish","format-standard","has-post-thumbnail","hentry","category-saude"],"_links":{"self":[{"href":"https:\/\/associacaomedicacascavel.com\/index.php\/wp-json\/wp\/v2\/posts\/3503","targetHints":{"allow":["GET"]}}],"collection":[{"href":"https:\/\/associacaomedicacascavel.com\/index.php\/wp-json\/wp\/v2\/posts"}],"about":[{"href":"https:\/\/associacaomedicacascavel.com\/index.php\/wp-json\/wp\/v2\/types\/post"}],"author":[{"embeddable":true,"href":"https:\/\/associacaomedicacascavel.com\/index.php\/wp-json\/wp\/v2\/users\/4"}],"replies":[{"embeddable":true,"href":"https:\/\/associacaomedicacascavel.com\/index.php\/wp-json\/wp\/v2\/comments?post=3503"}],"version-history":[{"count":2,"href":"https:\/\/associacaomedicacascavel.com\/index.php\/wp-json\/wp\/v2\/posts\/3503\/revisions"}],"predecessor-version":[{"id":3506,"href":"https:\/\/associacaomedicacascavel.com\/index.php\/wp-json\/wp\/v2\/posts\/3503\/revisions\/3506"}],"wp:featuredmedia":[{"embeddable":true,"href":"https:\/\/associacaomedicacascavel.com\/index.php\/wp-json\/wp\/v2\/media\/3505"}],"wp:attachment":[{"href":"https:\/\/associacaomedicacascavel.com\/index.php\/wp-json\/wp\/v2\/media?parent=3503"}],"wp:term":[{"taxonomy":"category","embeddable":true,"href":"https:\/\/associacaomedicacascavel.com\/index.php\/wp-json\/wp\/v2\/categories?post=3503"},{"taxonomy":"post_tag","embeddable":true,"href":"https:\/\/associacaomedicacascavel.com\/index.php\/wp-json\/wp\/v2\/tags?post=3503"}],"curies":[{"name":"wp","href":"https:\/\/api.w.org\/{rel}","templated":true}]}}