{"id":365,"date":"2017-03-13T10:37:31","date_gmt":"2017-03-13T13:37:31","guid":{"rendered":"http:\/\/associacaomedicacascavel.com\/?p=365"},"modified":"2017-03-13T10:37:31","modified_gmt":"2017-03-13T13:37:31","slug":"apos-mais-uma-confusao-vereador-de-londrina-e-levado-a-delegacia","status":"publish","type":"post","link":"https:\/\/associacaomedicacascavel.com\/index.php\/2017\/03\/13\/apos-mais-uma-confusao-vereador-de-londrina-e-levado-a-delegacia\/","title":{"rendered":"Ap\u00f3s mais uma confus\u00e3o, vereador de Londrina \u00e9 levado \u00e0 delegacia"},"content":{"rendered":"<body><p><\/p>\n<h3>Emerson Petriv (PP) foi na UPA Jardim do Sol para fiscalizar profissionais.<br>\nH\u00e1 seis dias parlamentar foi at\u00e9 a unidade e causou confus\u00e3o com m\u00e9dicos.<\/h3>\n<p>O vereador de Londrina, no norte do Paran\u00e1, Emerson Petriv (PP) foi levado \u00e0 delegacia ap\u00f3s uma nova confus\u00e3o na Unidade de Pronto Atendimento (UPA) Jardim do Sol na noite de quarta-feira (11). <a href=\"http:\/\/g1.globo.com\/pr\/norte-noroeste\/noticia\/2017\/01\/vereador-e-levado-delegacia-apos-confusao-com-medicos-em-londrina.html\" target=\"_blank\">H\u00e1 seis dias o parlamentar j\u00e1 tinha assinado um termo circunstanciado <\/a>por desacatar m\u00e9dicos e a enfermeira-chefe da unidade depois de \u2018fiscalizar\u2019 o local.<\/p>\n<p>Petriv, tamb\u00e9m conhecido como Boca Aberta, informou que desta vez assinou o termo circunstanciado sob a alega\u00e7\u00e3o de ter atrapalhado o andamento do trabalho dos profissionais de sa\u00fade e perturba\u00e7\u00e3o de sossego.<\/p>\n<p>\u201cFui at\u00e9 a UPA depois de receber den\u00fancias de pacientes que aguardavam mais de 12 horas por atendimento, e que n\u00e3o havia m\u00e9dico. Cheguei no local por volta das 20h40, e comuniquei que estava l\u00e1 ao meu advogado, prefeito, secret\u00e1rio de Sa\u00fade e ao presidente da C\u00e2mara. O papel que indicava a escala de m\u00e9dicos apontava que quatro teriam que estar trabalhando, mas tive a informa\u00e7\u00e3o que apena um estava atendendo os pacientes. A enfermeira-chefe n\u00e3o quis abrir as portas para que eu verificasse\u201d, detalhou o vereador.<\/p>\n<p>Um m\u00e9dico e quatro enfermeiros tamb\u00e9m estiveram na delegacia, junto com Petriv, para contar o que ocorreu.<\/p>\n<p>A Secretaria Municipal de Sa\u00fade informou que quatro m\u00e9dicos estavam na escala de plant\u00e3o na quarta-feira. Nesta quinta-feira (12), a UPA Jardim do Sol ter\u00e1 dois profissionais trabalhando, no entanto a secretaria est\u00e1 tentando remanejar mais um m\u00e9dico do munic\u00edpio para atender na unidade.<\/p>\n<p>O Sindicato dos M\u00e9dicos do Norte do Paran\u00e1 (Sindmed) emitiu uma nota de desagravo nesta quinta-feira contra a atitude do vereador no dia 6 de janeiro. A nota acusa o parlamentar de ter apresentado \u2018conduta ofensiva e desrespeitosa aos m\u00e9dicos e demais profissionais de sa\u00fade\u2019 o que \u2018causou transtornos ao atendimento aos pacientes. Imbu\u00eddo em promover uma \u201ca\u00e7\u00e3o midi\u00e1tica\u201d\u2019. A nota ainda pontua que Petriv agiu \u2018de forma truculenta para assim manipular a situa\u00e7\u00e3o como um espet\u00e1culo de horrores a seu favor\u2019.<\/p>\n<p>O Conselho Regional de Medicina do Paran\u00e1 (CRM) tamb\u00e9m emitiu nota de rep\u00fadio contra as atitudes adotadas pelo vereador Emerson Petriv. O CRM esclareceu que reconhece ter o representante do legislativo municipal a prerrogativa de fazer questionamentos sobre aspectos administrativos da unidade que devem ser respondidos pelo gestor. \u201cPor\u00e9m, a sua destemperan\u00e7a \u00e9 agressiva \u00e0 toda classe m\u00e9dica\u201d, diz ainda a nota. O CRM pontua que j\u00e1 solicitou, junto \u00e0 C\u00e2mara de Vereadores, que a Comiss\u00e3o de \u00c9tica apure a conduta do parlamentar.<\/p>\n<p>At\u00e9 as 10h40, a C\u00e2mara de Vereadores de <a class=\"premium-tip\" href=\"http:\/\/g1.globo.com\/pr\/norte-noroeste\/cidade\/londrina.html\">Londrina<\/a> n\u00e3o havia se manifestado sobre o assunto.<\/p>\n<figure id=\"attachment_366\" aria-describedby=\"caption-attachment-366\" style=\"width: 300px\" class=\"wp-caption alignleft\"><img loading=\"lazy\" decoding=\"async\" class=\"size-medium wp-image-366\" src=\"http:\/\/associacaomedicacascavel.com\/wp-content\/uploads\/2017\/03\/vereador_-300x225.jpg\" alt=\"\" width=\"300\" height=\"225\" loading=\"lazy\" srcset=\"https:\/\/associacaomedicacascavel.com\/wp-content\/uploads\/2017\/03\/vereador_-300x225.jpg 300w, https:\/\/associacaomedicacascavel.com\/wp-content\/uploads\/2017\/03\/vereador_.jpg 620w\" sizes=\"auto, (max-width: 300px) 100vw, 300px\" \/><figcaption id=\"caption-attachment-366\" class=\"wp-caption-text\">Vereador afirma que foi at\u00e9 a UPA Jardim do Sol porque recebeu den\u00fancias de pacientes (Foto: Reprodu\u00e7\u00e3o RPC)<\/figcaption><\/figure>\n<p>\u00a0<\/p>\n<p>Fonte: G1<\/p>\n<\/body>","protected":false},"excerpt":{"rendered":"<p>Emerson Petriv (PP) foi na UPA Jardim do Sol para fiscalizar profissionais. H\u00e1 seis dias parlamentar foi at\u00e9 a unidade e causou confus\u00e3o com m\u00e9dicos. O vereador de Londrina, no norte do Paran\u00e1, Emerson Petriv (PP) foi levado \u00e0 delegacia ap\u00f3s uma nova confus\u00e3o na Unidade de Pronto Atendimento (UPA) Jardim do Sol na noite [&hellip;]<\/p>\n","protected":false},"author":1,"featured_media":366,"comment_status":"open","ping_status":"open","sticky":false,"template":"","format":"standard","meta":{"footnotes":""},"categories":[4],"tags":[],"class_list":["post-365","post","type-post","status-publish","format-standard","has-post-thumbnail","hentry","category-noticias"],"_links":{"self":[{"href":"https:\/\/associacaomedicacascavel.com\/index.php\/wp-json\/wp\/v2\/posts\/365","targetHints":{"allow":["GET"]}}],"collection":[{"href":"https:\/\/associacaomedicacascavel.com\/index.php\/wp-json\/wp\/v2\/posts"}],"about":[{"href":"https:\/\/associacaomedicacascavel.com\/index.php\/wp-json\/wp\/v2\/types\/post"}],"author":[{"embeddable":true,"href":"https:\/\/associacaomedicacascavel.com\/index.php\/wp-json\/wp\/v2\/users\/1"}],"replies":[{"embeddable":true,"href":"https:\/\/associacaomedicacascavel.com\/index.php\/wp-json\/wp\/v2\/comments?post=365"}],"version-history":[{"count":1,"href":"https:\/\/associacaomedicacascavel.com\/index.php\/wp-json\/wp\/v2\/posts\/365\/revisions"}],"predecessor-version":[{"id":367,"href":"https:\/\/associacaomedicacascavel.com\/index.php\/wp-json\/wp\/v2\/posts\/365\/revisions\/367"}],"wp:featuredmedia":[{"embeddable":true,"href":"https:\/\/associacaomedicacascavel.com\/index.php\/wp-json\/wp\/v2\/media\/366"}],"wp:attachment":[{"href":"https:\/\/associacaomedicacascavel.com\/index.php\/wp-json\/wp\/v2\/media?parent=365"}],"wp:term":[{"taxonomy":"category","embeddable":true,"href":"https:\/\/associacaomedicacascavel.com\/index.php\/wp-json\/wp\/v2\/categories?post=365"},{"taxonomy":"post_tag","embeddable":true,"href":"https:\/\/associacaomedicacascavel.com\/index.php\/wp-json\/wp\/v2\/tags?post=365"}],"curies":[{"name":"wp","href":"https:\/\/api.w.org\/{rel}","templated":true}]}}