{"id":368,"date":"2017-03-13T10:46:03","date_gmt":"2017-03-13T13:46:03","guid":{"rendered":"http:\/\/associacaomedicacascavel.com\/?p=368"},"modified":"2017-03-13T10:46:03","modified_gmt":"2017-03-13T13:46:03","slug":"sindicato-dos-medicos-vai-processar-prefeito-de-caxias-por-assedio-e-dano-moral","status":"publish","type":"post","link":"https:\/\/associacaomedicacascavel.com\/index.php\/2017\/03\/13\/sindicato-dos-medicos-vai-processar-prefeito-de-caxias-por-assedio-e-dano-moral\/","title":{"rendered":"Sindicato dos M\u00e9dicos vai processar prefeito de Caxias por ass\u00e9dio e dano moral"},"content":{"rendered":"<body><p>O <b><a href=\"http:\/\/pioneiro.clicrbs.com.br\/rs\/politica\/noticia\/2017\/03\/ciro-fabres-prefeito-de-caxias-do-sul-da-pito-em-medico-por-telefone-9739993.html\" target=\"_blank\">v\u00eddeo divulgado<\/a><\/b> pela prefeitura de <b><a href=\"http:\/\/pioneiro.clicrbs.com.br\/rs\/ultimas-noticias\/tag\/caxias-do-sul\/\" target=\"_blank\">Caxias<\/a><\/b> nas redes sociais, em que o prefeito Daniel Guerra (PRB) aparece, ao telefone, cobrando um m\u00e9dico que estava em <b><a href=\"http:\/\/pioneiro.clicrbs.com.br\/rs\/geral\/cidades\/noticia\/2017\/03\/essa-greve-dos-medicos-e-ilegal-e-imoral-diz-daniel-guerra-sobre-paralisacao-em-caxias-9739878.html\" target=\"_blank\">greve<\/a><\/b> na quinta-feira por n\u00e3o estar no trabalho, far\u00e1 com que Guerra se explique na Justi\u00e7a. Isso porque o Sindicato dos M\u00e9dicos <b>processar\u00e1 o administrador municipal<\/b> por ass\u00e9dio e dano moral, al\u00e9m de intimida\u00e7\u00e3o do profissional em greve.<\/p>\n<p>Na segunda, o Conselho Regional de Medicina do RS (Cremers) entrou com uma representa\u00e7\u00e3o junto ao Minist\u00e9rio P\u00fablico do Trabalho (MPT) tamb\u00e9m em fun\u00e7\u00e3o da exposi\u00e7\u00e3o p\u00fablica do m\u00e9dico.<\/p>\n<p>Em v\u00eddeo divulgado nesta ter\u00e7a-feira, o presidente do Sindicato, Marlonei dos Santos, tamb\u00e9m afirma que o material divulgado por Guerra foi montado:<\/p>\n<p>\u2014 O prefeito de Caxias ligou para um m\u00e9dico, o ofendeu, chamando-o de irrespons\u00e1vel, negligente e n\u00e3o cumpridor de suas obriga\u00e7\u00f5es. Depois disso, ele montou uma farsa, um v\u00eddeo falando lentamente e calmamente com o m\u00e9dico e sem ofend\u00ea-lo. O m\u00e9dico foi xingado, foi exposto, mas isso n\u00e3o apareceu no v\u00eddeo \u2014 disse Marlonei.<\/p>\n<p>A reportagem tentou contato com o m\u00e9dico que atendeu ao telefonema de Guerra, mas n\u00e3o obteve retorno. Marlonei diz que o profissional n\u00e3o falar\u00e1 com a imprensa por enquanto e que, depois do ocorrido, est\u00e1 fazendo tratamento com psiquiatra.<\/p>\n<p>Por meio da assessoria de imprensa, a prefeitura de Caxias do Sul afirmou que n\u00e3o foi notificada oficialmente sobre os processos na Justi\u00e7a. Sobre a den\u00fancia do presidente do Sindicato M\u00e9dico, de que o v\u00eddeo publicado \u201c\u00e9 uma farsa\u201d, a assessoria garante que o material, como todos os demais v\u00eddeos da TV Cidade <i>(produzidos pela assessoria de comunica\u00e7\u00e3o)<\/i>, foi editado, mas n\u00e3o cortado. O v\u00eddeo teria mais de tr\u00eas minutos de dura\u00e7\u00e3o \u2013 o material publicado no Facebook da prefeitura tem 1 minuto e 40 segundos. Por\u00e9m, a assessoria afirma que a parte que foi editada n\u00e3o \u00e9 a fala do prefeito ao telefone. A reportagem do Pioneiro solicitou o v\u00eddeo na \u00edntegra, mas o envio n\u00e3o foi autorizado. A justificativa dada pelo poder p\u00fablico \u00e9 de que \u201ca publica\u00e7\u00e3o do v\u00eddeo na \u00edntegra possibilitaria a identifica\u00e7\u00e3o do profissional e a prefeitura tem por objetivo preservar os servidores\u201d. Por\u00e9m, a assessoria n\u00e3o detalhou como essa identifica\u00e7\u00e3o ocorreria, nem confirmou se Guerra fala o nome do profissional durante a liga\u00e7\u00e3o.<\/p>\n<p>Sobre a <b><a href=\"http:\/\/pioneiro.clicrbs.com.br\/rs\/geral\/cidades\/noticia\/2017\/03\/apos-ameaca-tres-medicos-pedem-exoneracao-da-prefeitura-de-caxias-9741679.html\" target=\"_blank\">exonera\u00e7\u00e3o dos m\u00e9dicos<\/a><\/b>, Marlonei afirma que, desde segunda, cerca de 12 profissionais pediram desligamento do servi\u00e7o p\u00fablico. A secretaria da sa\u00fade n\u00e3o confirma a informa\u00e7\u00e3o.<\/p>\n<p>Fonte: <a href=\"http:\/\/zh.clicrbs.com.br\/rs\/noticia\/2017\/03\/sindicato-dos-medicos-vai-processar-prefeito-de-caxias-por-assedio-e-dano-moral-9742695.html\" target=\"_blank\">zh.clicrbs.com.br<\/a><\/p>\n<\/body>","protected":false},"excerpt":{"rendered":"<p>O v\u00eddeo divulgado pela prefeitura de Caxias nas redes sociais, em que o prefeito Daniel Guerra (PRB) aparece, ao telefone, cobrando um m\u00e9dico que estava em greve na quinta-feira por n\u00e3o estar no trabalho, far\u00e1 com que Guerra se explique na Justi\u00e7a. Isso porque o Sindicato dos M\u00e9dicos processar\u00e1 o administrador municipal por ass\u00e9dio e [&hellip;]<\/p>\n","protected":false},"author":1,"featured_media":370,"comment_status":"open","ping_status":"open","sticky":false,"template":"","format":"standard","meta":{"footnotes":""},"categories":[4],"tags":[],"class_list":["post-368","post","type-post","status-publish","format-standard","has-post-thumbnail","hentry","category-noticias"],"_links":{"self":[{"href":"https:\/\/associacaomedicacascavel.com\/index.php\/wp-json\/wp\/v2\/posts\/368","targetHints":{"allow":["GET"]}}],"collection":[{"href":"https:\/\/associacaomedicacascavel.com\/index.php\/wp-json\/wp\/v2\/posts"}],"about":[{"href":"https:\/\/associacaomedicacascavel.com\/index.php\/wp-json\/wp\/v2\/types\/post"}],"author":[{"embeddable":true,"href":"https:\/\/associacaomedicacascavel.com\/index.php\/wp-json\/wp\/v2\/users\/1"}],"replies":[{"embeddable":true,"href":"https:\/\/associacaomedicacascavel.com\/index.php\/wp-json\/wp\/v2\/comments?post=368"}],"version-history":[{"count":1,"href":"https:\/\/associacaomedicacascavel.com\/index.php\/wp-json\/wp\/v2\/posts\/368\/revisions"}],"predecessor-version":[{"id":371,"href":"https:\/\/associacaomedicacascavel.com\/index.php\/wp-json\/wp\/v2\/posts\/368\/revisions\/371"}],"wp:featuredmedia":[{"embeddable":true,"href":"https:\/\/associacaomedicacascavel.com\/index.php\/wp-json\/wp\/v2\/media\/370"}],"wp:attachment":[{"href":"https:\/\/associacaomedicacascavel.com\/index.php\/wp-json\/wp\/v2\/media?parent=368"}],"wp:term":[{"taxonomy":"category","embeddable":true,"href":"https:\/\/associacaomedicacascavel.com\/index.php\/wp-json\/wp\/v2\/categories?post=368"},{"taxonomy":"post_tag","embeddable":true,"href":"https:\/\/associacaomedicacascavel.com\/index.php\/wp-json\/wp\/v2\/tags?post=368"}],"curies":[{"name":"wp","href":"https:\/\/api.w.org\/{rel}","templated":true}]}}