{"id":373,"date":"2017-03-21T10:09:07","date_gmt":"2017-03-21T13:09:07","guid":{"rendered":"http:\/\/associacaomedicacascavel.com\/?p=373"},"modified":"2017-03-21T10:09:42","modified_gmt":"2017-03-21T13:09:42","slug":"nao-faltam-medicos-o-que-falta-e-vontade-de-trabalhar","status":"publish","type":"post","link":"https:\/\/associacaomedicacascavel.com\/index.php\/2017\/03\/21\/nao-faltam-medicos-o-que-falta-e-vontade-de-trabalhar\/","title":{"rendered":"&#8216;N\u00e3o faltam m\u00e9dicos; o que falta \u00e9 vontade de trabalhar&#8217;"},"content":{"rendered":"<body><p><\/p>\n<h2 style=\"text-align: center;\">Declara\u00e7\u00e3o foi dada pelo vereador Jorge Bocasanta\u2026<\/h2>\n<p>A rea\u00e7\u00e3o \u00e0s not\u00edcias veiculadas no maior portal da cidade (CGN), dando conta de que pacientes reclamavam de longa demora no atendimento e acusavam falta de m\u00e9dicos como principal motivo, foi impetuosa.<\/p>\n<p>O vereador Jorge Bocasanta (PROS), membro da Comiss\u00e3o de Sa\u00fade da Casa, que j\u00e1 havia \u2018invadido\u2019 na semana passada e batido boca com colegas m\u00e9dicos em raz\u00e3o da longa espera de pacientes por atendimento, foi al\u00e9m ontem e reagiu as noticias de que o motivo pela longa espera seria a falta de m\u00e9dicos; \u201cn\u00e3o faltam m\u00e9dicos. O que falta \u00e9 vontade de trabalhar\u201d, disse.<\/p>\n<p>O vereador acusou \u201csuspeita\u201d de que est\u00e1 em curso uma Opera\u00e7\u00e3o Tartaruga, atrasando ao m\u00e1ximo atendimento para criar caos. \u201cEu digo que falta vontade de trabalhar porque na semana passado quando fomos a uma UPA constatamos que em tr\u00eas horas, 15 pacientes haviam sido atendidos. Isto mudou durante a nossa perman\u00eancia l\u00e1. Em 40 minutos que l\u00e1 estivemos 18 pacientes haviam sido atendidos e passaram as visitas. Isto quer dizer que, em 3 horas daria para terem sido atendidos neste mesmo ritmo, 81 pacientes\u201d, contabilizou.<\/p>\n<p><img loading=\"lazy\" decoding=\"async\" class=\"alignleft size-medium wp-image-375\" src=\"http:\/\/associacaomedicacascavel.com\/wp-content\/uploads\/2017\/03\/Bocasanta-300x169.jpg\" alt=\"\" width=\"300\" height=\"169\" loading=\"lazy\" srcset=\"https:\/\/associacaomedicacascavel.com\/wp-content\/uploads\/2017\/03\/Bocasanta-300x169.jpg 300w, https:\/\/associacaomedicacascavel.com\/wp-content\/uploads\/2017\/03\/Bocasanta.jpg 475w\" sizes=\"auto, (max-width: 300px) 100vw, 300px\" \/>Bocasanta defendeu ontem mudan\u00e7as no sistema e sugeriu mudan\u00e7as na lei e no plano de cargos para que m\u00e9dicos passem a receber por atendimentos e n\u00e3o mais por horas trabalhadas. Muita gente trabalha com afinco, mas tem aqueles que realmente n\u00e3o gostam\u201d, disse.<\/p>\n<p><strong>Audi\u00eancia<\/strong><\/p>\n<p>O vereador Roberto Parra (PMDB), presidente da Comiss\u00e3o de Sa\u00fade defendeu ontem a realiza\u00e7\u00e3o com urg\u00eancia de uma audi\u00eancia p\u00fablica para discutir a situa\u00e7\u00e3o. Vou propor um requerimento para convocar todos a discutirem e encontrarem solu\u00e7\u00f5es. Temos que dar respostas a popula\u00e7\u00e3o se falta ou n\u00e3o m\u00e9dicos? Se faltam ou n\u00e3o atendentes e enfermeiros? Se faltam recursos ou o que mais? E estes problemas de atendimento, com falta de fichas tamb\u00e9m atingem as UBSs. Vamos buscar as informa\u00e7\u00f5es e conversar com a popula\u00e7\u00e3o, com a classe m\u00e9dica e com os gestores de sa\u00fade, com a participa\u00e7\u00e3o de outros \u00f3rg\u00e3os e inclusive o Minist\u00e9rio P\u00fablico. Vamos encontrar as falhas e propor mudan\u00e7as. Do jeito que est\u00e1 n\u00e3o vai mais. \u00c9 preciso mudar e para isto precisamos discutir e encontrar a melhor f\u00f3rmula\u201d, defendeu.<\/p>\n<p><strong>Parceria<\/strong><\/p>\n<p>J\u00e1 o l\u00edder do governo na C\u00e2mara, vereador Al\u00e9cio Esp\u00ednola defendeu formula\u00e7\u00e3o de nova proposta de gest\u00e3o da sa\u00fade. Temos que fazer um debate com todas as for\u00e7as da cidade e achar uma sa\u00edda. Do jeito que est\u00e1 n\u00e3o d\u00e1. De quem \u00e9 a culpa? Dos m\u00e9dicos? Dos atendentes? Do sistema?\u201d, questionou.<\/p>\n<p>J\u00e1 respondendo, disse que n\u00e3o sabe, mas relatou que em recente viagem a regi\u00e3o metropolitana de Curitiba, em Pinhal conheceu um Hospital e uma UPA terceirizados que s\u00e3o geridos por uma Organiza\u00e7\u00e3o N\u00e3o Governamental, que \u201catendem uma cidade de 120 mil habilitantes com incompar\u00e1vel compet\u00eancia, organiza\u00e7\u00e3o, zelo e respeito \u00e0s pessoas que merece ser copiado\u201d.<\/p>\n<p>Al\u00e9cio convidou a todos seus colegas vereadores a conhecerem a experi\u00eancia de Pinhal e sugeriu um pacto pela sa\u00fade da cidade, envolvendo toda a sociedade organizada para por fim ao sofrimento das pessoas e tamb\u00e9m dos m\u00e9dicos nas UPAs da cidade.<\/p>\n<p>O texto \u00e9 de Fernando Maleski, da Gazeta do Paran\u00e1.<\/p>\n<p>Fonte: <a href=\"http:\/\/cgn.uol.com.br\/NovoSite\/noticia\/217472\/nao-faltam-medicos-o-que-falta-e-vontade-de-trabalhar\" target=\"_blank\">CGN<\/a><\/p>\n<\/body>","protected":false},"excerpt":{"rendered":"<p>Declara\u00e7\u00e3o foi dada pelo vereador Jorge Bocasanta\u2026 A rea\u00e7\u00e3o \u00e0s not\u00edcias veiculadas no maior portal da cidade (CGN), dando conta de que pacientes reclamavam de longa demora no atendimento e acusavam falta de m\u00e9dicos como principal motivo, foi impetuosa. O vereador Jorge Bocasanta (PROS), membro da Comiss\u00e3o de Sa\u00fade da Casa, que j\u00e1 havia \u2018invadido\u2019 [&hellip;]<\/p>\n","protected":false},"author":1,"featured_media":376,"comment_status":"open","ping_status":"open","sticky":false,"template":"","format":"standard","meta":{"footnotes":""},"categories":[4],"tags":[],"class_list":["post-373","post","type-post","status-publish","format-standard","has-post-thumbnail","hentry","category-noticias"],"_links":{"self":[{"href":"https:\/\/associacaomedicacascavel.com\/index.php\/wp-json\/wp\/v2\/posts\/373","targetHints":{"allow":["GET"]}}],"collection":[{"href":"https:\/\/associacaomedicacascavel.com\/index.php\/wp-json\/wp\/v2\/posts"}],"about":[{"href":"https:\/\/associacaomedicacascavel.com\/index.php\/wp-json\/wp\/v2\/types\/post"}],"author":[{"embeddable":true,"href":"https:\/\/associacaomedicacascavel.com\/index.php\/wp-json\/wp\/v2\/users\/1"}],"replies":[{"embeddable":true,"href":"https:\/\/associacaomedicacascavel.com\/index.php\/wp-json\/wp\/v2\/comments?post=373"}],"version-history":[{"count":2,"href":"https:\/\/associacaomedicacascavel.com\/index.php\/wp-json\/wp\/v2\/posts\/373\/revisions"}],"predecessor-version":[{"id":378,"href":"https:\/\/associacaomedicacascavel.com\/index.php\/wp-json\/wp\/v2\/posts\/373\/revisions\/378"}],"wp:featuredmedia":[{"embeddable":true,"href":"https:\/\/associacaomedicacascavel.com\/index.php\/wp-json\/wp\/v2\/media\/376"}],"wp:attachment":[{"href":"https:\/\/associacaomedicacascavel.com\/index.php\/wp-json\/wp\/v2\/media?parent=373"}],"wp:term":[{"taxonomy":"category","embeddable":true,"href":"https:\/\/associacaomedicacascavel.com\/index.php\/wp-json\/wp\/v2\/categories?post=373"},{"taxonomy":"post_tag","embeddable":true,"href":"https:\/\/associacaomedicacascavel.com\/index.php\/wp-json\/wp\/v2\/tags?post=373"}],"curies":[{"name":"wp","href":"https:\/\/api.w.org\/{rel}","templated":true}]}}